{"id":2590,"date":"2026-03-03T12:07:41","date_gmt":"2026-03-03T11:07:41","guid":{"rendered":"https:\/\/folkdansringen.se\/victoria\/vavan-1-26\/"},"modified":"2026-03-03T12:07:41","modified_gmt":"2026-03-03T11:07:41","slug":"vavan-1-26","status":"publish","type":"post","link":"https:\/\/folkdansringen.se\/victoria\/vavan-1-26\/","title":{"rendered":"V\u00e4van 1\/26"},"content":{"rendered":"<p>G\u00f6teborg, sn\u00f6r\u00f6jningen jobbade f\u00f6r fullt, men hann inte med, m\u00e5nga blev insn\u00f6ade. De plikttrogna startade hemifr\u00e5n tidigare och tog sig fram till arbetsplatser g\u00e5ende\/pulsande l\u00e5nga str\u00e4ckor, n\u00e5gra skidade fram.<\/p>\n<p>\u00a0<\/p>\n<p>Dansandet har dragit ig\u00e5ng B\u00f6rjan av januari 2026, sn\u00f6rik vinter och halt. Den 7 januari st\u00e4lldes bussar och sp\u00e5rvagnar in i p\u00e5 det nya \u00e5ret, b\u00f6rjade under vecka TRE d\u00e5 medlemmarna bes\u00f6kte de olika danskv\u00e4llarna som avslutades med Stordans p\u00e5 fredagskv\u00e4llen, stora salen var \u201dkn\u00f6kad\u201d av dansare och god st\u00e4mning. Roligt f\u00f6r en \u00e5ldersrik dam att \u00e4ven bli uppbjuden av unga dansanta killar, vilka fina ungdomar i Ungdomslaget. Victoria stod f\u00f6r fikaserveringen p\u00e5 onsdagskv\u00e4llen. P\u00e5 tisdagen h\u00f6ll Marianne Pipping Ekstr\u00f6m f\u00f6redrag \u201dVad \u00e5t man p\u00e5 !800-talet\u201d. Det var halt ute den dagen s\u00e5 flera med mig v\u00e5gade sig inte till G\u00e5rden, fast att vi g\u00e4rna ville. Till v\u00e5r gl\u00e4dje har Marianne lovat att h\u00e5lla f\u00f6redraget p\u00e5 nytt f\u00f6r oss onsdagen den 18 mars, tack f\u00f6r det.<\/p>\n<p>\u00a0<\/p>\n<p>H\u00e4r rapport av Lennart Andersson fr\u00e5n v\u00e5r spark-i-g\u00e5ng p\u00e5 h\u00f6sten 2025.<\/p>\n<p>L\u00f6rdag 30 augusti. Fr\u00e5n olika h\u00e5ll kom Viktorianer till Stenpiren f\u00f6r att fira spark-i-g\u00e5ng f\u00f6r h\u00f6stterminen p\u00e5 \u00c5ngaren Bohusl\u00e4n. Vi blev 28 stycken som klev ombord f\u00f6r en dagsresa tur och retur till Marstrand. V\u00e4l ombord vankades det en v\u00e4lkomstsm\u00f6rg\u00e5s med tillbeh\u00f6r, i fr\u00e4mre salongen. Efter en stilla tur genom hamnen gick turen genom G\u00f6teborgs norra sk\u00e4rg\u00e5rd mot Marstrand. V\u00e4dret var p\u00e5 v\u00e5r sida med sol och lite vind. Under resan gavs tillf\u00e4lle att bekanta sig med fartygets brygga och maskin. Cirka kl 13 anl\u00f6pte vi hamnen p\u00e5 Marstrand. Vi hade nu 3 timmar p\u00e5 oss att hitta p\u00e5 eget. Vissa valde att g\u00e5 runt Marstrands\u00f6n, andra shoppade, fikade, badade eller bara gick runt. I god tid f\u00f6re kl 16 \u00e4ntrade vi b\u00e5ten f\u00f6r hemresa. I salongen blev vi serverad en h\u00e4rlig r\u00e4ksm\u00f6rg\u00e5s. Victoriaspelm\u00e4nnen underh\u00f6ll d\u00e4refter p\u00e5 akterd\u00e4ck.\u00a0 B\u00e5ten gick ungef\u00e4r samma v\u00e4g tillbaka till Stenpiren och cirka kl 19 gick vi iland. Tack alla och S\/S Bohusl\u00e4n f\u00f6r en h\u00e4rlig dag. Gudrun och Bengt Johansson arrangerade resan och var dessutom arbetande bes\u00e4ttning.<\/p>\n<p>\u00a0<\/p>\n<p>Under h\u00f6sten bj\u00f6d dansledarna Irene Nilsson och Maria Lissmatz in till fest med Vilda Westerntema. Medlemmarna kom fantasifullt kl\u00e4dda enligt uppmaning, vi skrattade varmt och hj\u00e4rtligt \u00e5t varandra, n\u00e5gra red p\u00e5 k\u00e4pph\u00e4star och alla undrade vem som g\u00f6mde sig bakom den svarta banditmasken. Vi bj\u00f6ds p\u00e5 smaskiga hamburgare med tillbeh\u00f6r och goda f\u00e4rska donuts till kaffet. Sedan dansade vi roliga danser i westerntema, en glad och uppsluppen kv\u00e4ll.<\/p>\n<p>\u00a0<\/p>\n<p>Eftersom vi till v\u00e5r stora gl\u00e4dje f\u00e5tt n\u00e5gra nya medlemmar erbj\u00f6d vi under fyra onsdagar i september-oktober stegtr\u00e4ning: polka, schottis, mazurka, vals, polska och hambo, under en timma f\u00f6re den ordinarie tr\u00e4ningen.<\/p>\n<p>\u00a0<\/p>\n<p>En onsdag under h\u00f6sten hade vi bes\u00f6k av g\u00e4stdansledare, det var Ingegerd H\u00e4gnesten och Jimmy Persson som ledde oss i danserna, alltid lika uppskattat n\u00e4r de kommer till f\u00f6reningen.<\/p>\n<p>\u00a0<\/p>\n<p>Folkdansringens dag firades vid Gr\u00e4fsn\u00e4sg\u00e5rden den 21 september. Distriktet ville visa bredden i v\u00e5r verksamhet och \u00e4ven ge bes\u00f6karna m\u00f6jlighet att aktivt delta. Gudrun Johansson ingick i kommitt\u00e9n. P\u00e5 dansbanan erbj\u00f6ds pr\u00f6va-p\u00e5-dans till spelmansmusik och i Annexet pr\u00f6va-p\u00e5-spel samt visstuga. Givetvis serverades det fika, man kunde v\u00e4lja sm\u00f6rg\u00e5sar eller v\u00e5fflor eller b\u00e5de och.<\/p>\n<p>En catwalk hade byggts upp fr\u00e5n Gr\u00e4fsn\u00e4sg\u00e5rden ut i rundelen, d\u00e4r visades under spelmansmusik 25 st dr\u00e4kter fr\u00e5n Bohusl\u00e4n av kvinnor och m\u00e4n i olika \u00e5ldrar och tre barn varav ett i kolt, s\u00e5 snyggt och trevligt, en succ\u00e9. Presentationen sk\u00f6ttes av Inger-Lise Riphagen Ewalds.<\/p>\n<p>\u00a0<\/p>\n<p>Friluftskommitt\u00e9n har under h\u00f6sten tagit oss med till Radiomuseet och till vandring l\u00e4ngs ljusinstallationer i Light in Alings\u00e5s.<\/p>\n<p>\u00a0<\/p>\n<p>I december bj\u00f6ds vi in till Julfest i en juldekorerad Gr\u00e4fn\u00e4sg\u00e5rd, kv\u00e4llen inleddes med v\u00e4rmande gl\u00f6gg. P\u00e5 vackert dekorerade bord serverades pizza med julsmaker och till kaffet serverades stor kakbuff\u00e9 (allt bakat av Nancy). Vi sj\u00f6ng juls\u00e5nger och dansade. Det var Jane \u00c5berg och Lennart Andersson som var kommitt\u00e9, f\u00f6rst\u00e4rkta av Nancy och Kenneth Sandevi samt Margarita Christiansson.<\/p>\n<p>\u00a0<\/p>\n<p>Vid f\u00f6reningens \u00c5rsm\u00f6te 18 februari konstaterades att f\u00f6reningens ekonomi \u00e4r stabil. Dr\u00e4ktf\u00f6rvaltare Eva Warberg meddelade att hon har m\u00f6jlighet att f\u00f6rvara kvinnodr\u00e4kterna i sin bostad varf\u00f6r de kommer att flyttas dit. G\u00f6ran Helgesson meddelade att det kommer att ske ombyggnadsarbeten i g\u00e5rden under sommaren och att m\u00e5nga h\u00e4nder kan beh\u00f6vas till hj\u00e4lp med detta. Valberedningen hade gjort ett gott arbete s\u00e5 de blev omvalda. Maria Lissmatz och Leif Sch\u00f6ndell hade ordnat med f\u00f6rt\u00e4ring, smarriga sm\u00f6rg\u00e5st\u00e5rtor fr\u00e5n Tj\u00f6rn och till kaffet hade Ingrid Blume lyckats skaffat in sm\u00e5 semlor.<\/p>\n<p>\u00a0<\/p>\n<p>\/Gunilla Magnusson<\/p>\n","protected":false},"excerpt":{"rendered":"<p>G\u00f6teborg, sn\u00f6r\u00f6jningen jobbade f\u00f6r fullt, men hann inte med, m\u00e5nga blev insn\u00f6ade. De plikttrogna startade hemifr\u00e5n tidigare och tog sig fram till arbetsplatser g\u00e5ende\/pulsande l\u00e5nga str\u00e4ckor, n\u00e5gra skidade fram. \u00a0 Dansandet har dragit ig\u00e5ng B\u00f6rjan av januari 2026, sn\u00f6rik vinter och halt. Den 7 januari st\u00e4lldes bussar och sp\u00e5rvagnar in i p\u00e5 det nya \u00e5ret,&#8230;<\/p>\n","protected":false},"author":3,"featured_media":0,"comment_status":"open","ping_status":"open","sticky":false,"template":"","format":"standard","meta":{"ngg_post_thumbnail":0,"_kadence_starter_templates_imported_post":false,"_kad_post_transparent":"","_kad_post_title":"","_kad_post_layout":"","_kad_post_sidebar_id":"","_kad_post_content_style":"","_kad_post_vertical_padding":"","_kad_post_feature":"","_kad_post_feature_position":"","_kad_post_header":false,"_kad_post_footer":false,"_kad_post_classname":"","footnotes":""},"categories":[21],"tags":[],"class_list":["post-2590","post","type-post","status-publish","format-standard","hentry","category-nytt-inlagg"],"_links":{"self":[{"href":"https:\/\/folkdansringen.se\/victoria\/wp-json\/wp\/v2\/posts\/2590","targetHints":{"allow":["GET"]}}],"collection":[{"href":"https:\/\/folkdansringen.se\/victoria\/wp-json\/wp\/v2\/posts"}],"about":[{"href":"https:\/\/folkdansringen.se\/victoria\/wp-json\/wp\/v2\/types\/post"}],"author":[{"embeddable":true,"href":"https:\/\/folkdansringen.se\/victoria\/wp-json\/wp\/v2\/users\/3"}],"replies":[{"embeddable":true,"href":"https:\/\/folkdansringen.se\/victoria\/wp-json\/wp\/v2\/comments?post=2590"}],"version-history":[{"count":0,"href":"https:\/\/folkdansringen.se\/victoria\/wp-json\/wp\/v2\/posts\/2590\/revisions"}],"wp:attachment":[{"href":"https:\/\/folkdansringen.se\/victoria\/wp-json\/wp\/v2\/media?parent=2590"}],"wp:term":[{"taxonomy":"category","embeddable":true,"href":"https:\/\/folkdansringen.se\/victoria\/wp-json\/wp\/v2\/categories?post=2590"},{"taxonomy":"post_tag","embeddable":true,"href":"https:\/\/folkdansringen.se\/victoria\/wp-json\/wp\/v2\/tags?post=2590"}],"curies":[{"name":"wp","href":"https:\/\/api.w.org\/{rel}","templated":true}]}}