{"id":962,"date":"2023-10-23T18:53:54","date_gmt":"2023-10-23T16:53:54","guid":{"rendered":"https:\/\/folkdansringen.se\/kullagillet\/?p=962"},"modified":"2023-10-23T18:53:54","modified_gmt":"2023-10-23T16:53:54","slug":"hostlov-ingen-traning","status":"publish","type":"post","link":"https:\/\/folkdansringen.se\/kullagillet\/nyheter\/hostlov-ingen-traning\/","title":{"rendered":"H\u00f6stlov &#8211; ingen tr\u00e4ning"},"content":{"rendered":"<p><span style=\"font-family: Arial, Helvetica, sans-serif; font-size: 17px;\">Torsdagen den 2 november \u00e4r det h\u00f6stlov och tr\u00e4ningen i Kullagymnasiet \u00e4r inst\u00e4lld.<\/span><\/p>\n","protected":false},"excerpt":{"rendered":"<p>Torsdagen den 2 november \u00e4r det h\u00f6stlov och tr\u00e4ningen i Kullagymnasiet \u00e4r inst\u00e4lld.<\/p>\n","protected":false},"author":1,"featured_media":0,"comment_status":"closed","ping_status":"closed","sticky":false,"template":"","format":"standard","meta":{"footnotes":""},"categories":[1],"tags":[],"class_list":["post-962","post","type-post","status-publish","format-standard","hentry","category-nyheter"],"_links":{"self":[{"href":"https:\/\/folkdansringen.se\/kullagillet\/wp-json\/wp\/v2\/posts\/962","targetHints":{"allow":["GET"]}}],"collection":[{"href":"https:\/\/folkdansringen.se\/kullagillet\/wp-json\/wp\/v2\/posts"}],"about":[{"href":"https:\/\/folkdansringen.se\/kullagillet\/wp-json\/wp\/v2\/types\/post"}],"author":[{"embeddable":true,"href":"https:\/\/folkdansringen.se\/kullagillet\/wp-json\/wp\/v2\/users\/1"}],"replies":[{"embeddable":true,"href":"https:\/\/folkdansringen.se\/kullagillet\/wp-json\/wp\/v2\/comments?post=962"}],"version-history":[{"count":1,"href":"https:\/\/folkdansringen.se\/kullagillet\/wp-json\/wp\/v2\/posts\/962\/revisions"}],"predecessor-version":[{"id":963,"href":"https:\/\/folkdansringen.se\/kullagillet\/wp-json\/wp\/v2\/posts\/962\/revisions\/963"}],"wp:attachment":[{"href":"https:\/\/folkdansringen.se\/kullagillet\/wp-json\/wp\/v2\/media?parent=962"}],"wp:term":[{"taxonomy":"category","embeddable":true,"href":"https:\/\/folkdansringen.se\/kullagillet\/wp-json\/wp\/v2\/categories?post=962"},{"taxonomy":"post_tag","embeddable":true,"href":"https:\/\/folkdansringen.se\/kullagillet\/wp-json\/wp\/v2\/tags?post=962"}],"curies":[{"name":"wp","href":"https:\/\/api.w.org\/{rel}","templated":true}]}}