{"id":1146,"date":"2026-02-09T22:33:28","date_gmt":"2026-02-09T21:33:28","guid":{"rendered":"https:\/\/folkdansringen.se\/kullagillet\/?p=1146"},"modified":"2026-02-09T22:33:28","modified_gmt":"2026-02-09T21:33:28","slug":"arsmotet-2026-02-05-i-kullagymnasiets-danslokal","status":"publish","type":"post","link":"https:\/\/folkdansringen.se\/kullagillet\/nyheter\/arsmotet-2026-02-05-i-kullagymnasiets-danslokal\/","title":{"rendered":"<strong>\u00c5rsm\u00f6tet 2026-02-05 i Kullagymnasiets danslokal<\/strong>"},"content":{"rendered":"\n<p>Trots sn\u00f6ov\u00e4der kom 26 medlemmar till m\u00f6tet. En del oroade sig f\u00f6r hemf\u00e4rden p g a v\u00e4dret och d\u00e4rf\u00f6r besl\u00f6t vi att g\u00f6ra m\u00f6tet s\u00e5 kort som m\u00f6jligt och ha kaffe och fastlagsbullarna i slutet.<\/p>\n\n\n\n<p>N\u00e5gra punkter i korthet fr\u00e5n m\u00f6tet.<\/p>\n\n\n\n<p>Sekreteraren Inga-Lill Hoberg l\u00e4ste upp \u00e5rsber\u00e4ttelsen f\u00f6r 2025 som ni nu kan l\u00e4sa h\u00e4r p\u00e5 hemsidan.<br>Kass\u00f6ren Gun Kronholm Cato redogjorde f\u00f6r f\u00f6reningens ekonomi. 2025 har g\u00e5tt med 6&nbsp;684 kr i f\u00f6rlust, vilken kommer att t\u00e4ckas genom minskning av v\u00e5rt egna kapital.<\/p>\n\n\n\n<p>Styrelsen skall arbeta vidare med midsommar, h\u00f6stfest och deltagande i Kullens Hembygdsf\u00f6reningens 100-\u00e5rsjubileum.<\/p>\n\n\n\n<p>\u00c5rsplan och budget f\u00f6r 2026 fastst\u00e4lldes.<\/p>\n\n\n\n<p>Carina Brandt avgick fr\u00e5n julfestkommitteen och Barbro Nilsson fr\u00e5n valberedningen.<br>Julfestkommitteen \u00e4r nu Stina Arvidsson, Rebecca Gilje, Elisabeth Waldemarsson och Stefan Lerborn.<\/p>\n\n\n\n<p>Styrelse och \u00f6vriga funktion\u00e4rer hittar ni under rubriken \u201dKontakter\u201d.<\/p>\n\n\n\n<p>Halv\u00e5rsm\u00f6te torsdagen den 17 september.<\/p>\n\n\n\n<p>Hoppas att alla kom v\u00e4lbeh\u00e5llna hem i sn\u00f6yran.<\/p>\n\n\n\n<p>Gunnar Cato<br>Ordf\u00f6rande<\/p>\n","protected":false},"excerpt":{"rendered":"<p>Trots sn\u00f6ov\u00e4der kom 26 medlemmar till m\u00f6tet. En del oroade sig f\u00f6r hemf\u00e4rden p g a v\u00e4dret och d\u00e4rf\u00f6r besl\u00f6t vi att g\u00f6ra m\u00f6tet s\u00e5 kort som m\u00f6jligt och ha kaffe och fastlagsbullarna i slutet. N\u00e5gra punkter i korthet fr\u00e5n &hellip; <a href=\"https:\/\/folkdansringen.se\/kullagillet\/nyheter\/arsmotet-2026-02-05-i-kullagymnasiets-danslokal\/\">Forts\u00e4tt l\u00e4sa <span class=\"meta-nav\">&rarr;<\/span><\/a><\/p>\n","protected":false},"author":1,"featured_media":0,"comment_status":"closed","ping_status":"closed","sticky":false,"template":"","format":"standard","meta":{"footnotes":""},"categories":[1],"tags":[],"class_list":["post-1146","post","type-post","status-publish","format-standard","hentry","category-nyheter"],"_links":{"self":[{"href":"https:\/\/folkdansringen.se\/kullagillet\/wp-json\/wp\/v2\/posts\/1146","targetHints":{"allow":["GET"]}}],"collection":[{"href":"https:\/\/folkdansringen.se\/kullagillet\/wp-json\/wp\/v2\/posts"}],"about":[{"href":"https:\/\/folkdansringen.se\/kullagillet\/wp-json\/wp\/v2\/types\/post"}],"author":[{"embeddable":true,"href":"https:\/\/folkdansringen.se\/kullagillet\/wp-json\/wp\/v2\/users\/1"}],"replies":[{"embeddable":true,"href":"https:\/\/folkdansringen.se\/kullagillet\/wp-json\/wp\/v2\/comments?post=1146"}],"version-history":[{"count":1,"href":"https:\/\/folkdansringen.se\/kullagillet\/wp-json\/wp\/v2\/posts\/1146\/revisions"}],"predecessor-version":[{"id":1147,"href":"https:\/\/folkdansringen.se\/kullagillet\/wp-json\/wp\/v2\/posts\/1146\/revisions\/1147"}],"wp:attachment":[{"href":"https:\/\/folkdansringen.se\/kullagillet\/wp-json\/wp\/v2\/media?parent=1146"}],"wp:term":[{"taxonomy":"category","embeddable":true,"href":"https:\/\/folkdansringen.se\/kullagillet\/wp-json\/wp\/v2\/categories?post=1146"},{"taxonomy":"post_tag","embeddable":true,"href":"https:\/\/folkdansringen.se\/kullagillet\/wp-json\/wp\/v2\/tags?post=1146"}],"curies":[{"name":"wp","href":"https:\/\/api.w.org\/{rel}","templated":true}]}}