{"id":180,"date":"2014-10-26T22:56:59","date_gmt":"2014-10-26T21:56:59","guid":{"rendered":"http:\/\/folkdansringen.se\/klippan\/?p=180"},"modified":"2014-10-26T22:56:59","modified_gmt":"2014-10-26T21:56:59","slug":"besok-av-kullagillet","status":"publish","type":"post","link":"https:\/\/folkdansringen.se\/klippan\/nyheter\/besok-av-kullagillet\/","title":{"rendered":"Bes\u00f6k av Kullagillet"},"content":{"rendered":"<p>Den kommande onsdagsdansen (29 oktober) blir vi m\u00e5nga, f\u00f6r d\u00e5 kommer v\u00e5ra v\u00e4nner fr\u00e5n <a href=\"http:\/\/folkdansringen.se\/kullagillet\/\">Kullagillet<\/a> och bes\u00f6ker oss. B\u00e5de spelem\u00e4n och dansare kommer och g\u00f6r oss s\u00e4llskap, s\u00e5 det l\u00e4r bli bra med folk i lokalen d\u00e5. Det ser vi fram emot!<\/p>\n<p>Ni gl\u00f6mmer v\u00e4l heller inte bort v\u00e5r <a title=\"Dansfest i Gr\u00e5manstorp\" href=\"http:\/\/folkdansringen.se\/klippan\/event\/dansfest-i-gramanstorp\/\">dansfest i Gr\u00e5manstorp den 1 november<\/a>? Sista anm\u00e4lningsdagen har f\u00f6rvisso redan passerat, men \u00e4n s\u00e5 l\u00e4nge s\u00e5 finns det mer plats p\u00e5 dansgolvet. Kom och dansa med oss!<\/p>\n","protected":false},"excerpt":{"rendered":"<p>Den kommande onsdagsdansen (29 oktober) blir vi m\u00e5nga, f\u00f6r d\u00e5 kommer v\u00e5ra v\u00e4nner fr\u00e5n Kullagillet och bes\u00f6ker oss. B\u00e5de spelem\u00e4n och dansare kommer och g\u00f6r oss s\u00e4llskap, s\u00e5 det l\u00e4r bli bra med folk i lokalen d\u00e5. Det ser vi fram emot! Ni gl\u00f6mmer v\u00e4l heller inte bort v\u00e5r dansfest i Gr\u00e5manstorp den 1 november? [&hellip;]<\/p>\n","protected":false},"author":1,"featured_media":0,"comment_status":"open","ping_status":"open","sticky":false,"template":"","format":"standard","meta":{"footnotes":""},"categories":[3],"tags":[],"class_list":["post-180","post","type-post","status-publish","format-standard","hentry","category-nyheter"],"_links":{"self":[{"href":"https:\/\/folkdansringen.se\/klippan\/wp-json\/wp\/v2\/posts\/180","targetHints":{"allow":["GET"]}}],"collection":[{"href":"https:\/\/folkdansringen.se\/klippan\/wp-json\/wp\/v2\/posts"}],"about":[{"href":"https:\/\/folkdansringen.se\/klippan\/wp-json\/wp\/v2\/types\/post"}],"author":[{"embeddable":true,"href":"https:\/\/folkdansringen.se\/klippan\/wp-json\/wp\/v2\/users\/1"}],"replies":[{"embeddable":true,"href":"https:\/\/folkdansringen.se\/klippan\/wp-json\/wp\/v2\/comments?post=180"}],"version-history":[{"count":1,"href":"https:\/\/folkdansringen.se\/klippan\/wp-json\/wp\/v2\/posts\/180\/revisions"}],"predecessor-version":[{"id":181,"href":"https:\/\/folkdansringen.se\/klippan\/wp-json\/wp\/v2\/posts\/180\/revisions\/181"}],"wp:attachment":[{"href":"https:\/\/folkdansringen.se\/klippan\/wp-json\/wp\/v2\/media?parent=180"}],"wp:term":[{"taxonomy":"category","embeddable":true,"href":"https:\/\/folkdansringen.se\/klippan\/wp-json\/wp\/v2\/categories?post=180"},{"taxonomy":"post_tag","embeddable":true,"href":"https:\/\/folkdansringen.se\/klippan\/wp-json\/wp\/v2\/tags?post=180"}],"curies":[{"name":"wp","href":"https:\/\/api.w.org\/{rel}","templated":true}]}}